{"id":6427,"date":"2026-03-14T17:55:59","date_gmt":"2026-03-14T21:55:59","guid":{"rendered":"https:\/\/lesloriots.ca\/Wordpress\/?p=6427"},"modified":"2026-04-10T15:07:47","modified_gmt":"2026-04-10T19:07:47","slug":"50-ans-de-souvenirs","status":"publish","type":"post","link":"https:\/\/lesloriots.ca\/Wordpress\/2026\/03\/14\/50-ans-de-souvenirs\/","title":{"rendered":"50 ans de souvenirs !"},"content":{"rendered":"<div class=\"wp-block-image\">\n<figure class=\"alignright size-large is-resized\"><a href=\"https:\/\/lesloriots.ca\/Wordpress\/wp-content\/uploads\/2026\/04\/2026-05-29-Affiche-50-ans-de-souvenirs-scaled.jpg\" target=\"_blank\" rel=\" noreferrer noopener\"><img loading=\"lazy\" decoding=\"async\" width=\"663\" height=\"1024\" src=\"https:\/\/lesloriots.ca\/Wordpress\/wp-content\/uploads\/2026\/04\/2026-05-29-Affiche-50-ans-de-souvenirs-663x1024.jpg\" alt=\"\" class=\"wp-image-6430\" style=\"aspect-ratio:0.6474634882095427;width:243px;height:auto\" srcset=\"https:\/\/lesloriots.ca\/Wordpress\/wp-content\/uploads\/2026\/04\/2026-05-29-Affiche-50-ans-de-souvenirs-663x1024.jpg 663w, https:\/\/lesloriots.ca\/Wordpress\/wp-content\/uploads\/2026\/04\/2026-05-29-Affiche-50-ans-de-souvenirs-194x300.jpg 194w, https:\/\/lesloriots.ca\/Wordpress\/wp-content\/uploads\/2026\/04\/2026-05-29-Affiche-50-ans-de-souvenirs-768x1187.jpg 768w, https:\/\/lesloriots.ca\/Wordpress\/wp-content\/uploads\/2026\/04\/2026-05-29-Affiche-50-ans-de-souvenirs-994x1536.jpg 994w, https:\/\/lesloriots.ca\/Wordpress\/wp-content\/uploads\/2026\/04\/2026-05-29-Affiche-50-ans-de-souvenirs-1325x2048.jpg 1325w, https:\/\/lesloriots.ca\/Wordpress\/wp-content\/uploads\/2026\/04\/2026-05-29-Affiche-50-ans-de-souvenirs-scaled.jpg 1657w\" sizes=\"auto, (max-width: 663px) 100vw, 663px\" \/><\/a><\/figure>\n<\/div>\n\n\n<p>Le Groupe vocal Les Loriots est heureux de vous inviter au concert exceptionnel soulignant ses 50 ans d\u2019existence, qui aura lieu le 29 mai prochain \u00e0 20 h au <a href=\"https:\/\/www.google.ca\/maps\/place\/Th%C3%A9%C3%A2tre+de+la+Cit%C3%A9+universitaire+-+Universit%C3%A9+Laval\/@46.7831688,-71.2744819,15z\/data=!4m6!3m5!1s0x4cb896c39ce3ec69:0x95626b5e8e681ef9!8m2!3d46.7831688!4d-71.2744819!16s%2Fg%2F11c52_xs1l?entry=ttu&amp;g_ep=EgoyMDI2MDMxMS4wIKXMDSoASAFQAw%3D%3D\" target=\"_blank\" rel=\"noreferrer noopener\">Th\u00e9\u00e2tre de la Cit\u00e9 universitaire \u00e0 Qu\u00e9bec<\/a>.<\/p>\n\n\n\n<p>Pour c\u00e9l\u00e9brer cette \u00e9tape marquante, la chorale propose un spectacle d\u2019envergure enti\u00e8rement revisit\u00e9, mettant en vedette plus d\u2019une vingtaine de pi\u00e8ces embl\u00e9matiques des cinq derni\u00e8res d\u00e9cennies. Une soir\u00e9e m\u00e9morable qui fera voyager le public \u00e0 travers 50 ans de musique populaire, dans une atmosph\u00e8re festive et chaleureuse.<\/p>\n\n\n\n<p>Ne manquez pas cette soir\u00e9e! <\/p>\n\n\n\n<p>R\u00e9servez vos billets aupr\u00e8s des choristes, ou en ligne sur le site <a href=\"https:\/\/lepointdevente.com\/?q=loriots&amp;locality=11\" target=\"_blank\" rel=\"noreferrer noopener\">lepointdevente.com<\/a>.<\/p>\n\n\n\n<p><\/p>\n","protected":false},"excerpt":{"rendered":"<p>Le Groupe vocal Les Loriots est heureux de vous inviter au concert exceptionnel soulignant ses 50 ans d\u2019existence, qui aura lieu le 29 mai prochain \u00e0 20 h au Th\u00e9\u00e2tre de la Cit\u00e9 universitaire \u00e0 Qu\u00e9bec. Pour c\u00e9l\u00e9brer cette \u00e9tape marquante, la chorale propose un spectacle d\u2019envergure enti\u00e8rement revisit\u00e9, mettant en vedette plus d\u2019une vingtaine &#8230; <a title=\"50 ans de souvenirs !\" class=\"read-more\" href=\"https:\/\/lesloriots.ca\/Wordpress\/2026\/03\/14\/50-ans-de-souvenirs\/\" aria-label=\"En savoir plus sur 50 ans de souvenirs !\">Read more<\/a><\/p>\n","protected":false},"author":1,"featured_media":0,"comment_status":"open","ping_status":"open","sticky":false,"template":"","format":"standard","meta":{"generate_page_header":"","footnotes":""},"categories":[2],"tags":[],"class_list":["post-6427","post","type-post","status-publish","format-standard","hentry","category-nouvelles"],"_links":{"self":[{"href":"https:\/\/lesloriots.ca\/Wordpress\/wp-json\/wp\/v2\/posts\/6427","targetHints":{"allow":["GET"]}}],"collection":[{"href":"https:\/\/lesloriots.ca\/Wordpress\/wp-json\/wp\/v2\/posts"}],"about":[{"href":"https:\/\/lesloriots.ca\/Wordpress\/wp-json\/wp\/v2\/types\/post"}],"author":[{"embeddable":true,"href":"https:\/\/lesloriots.ca\/Wordpress\/wp-json\/wp\/v2\/users\/1"}],"replies":[{"embeddable":true,"href":"https:\/\/lesloriots.ca\/Wordpress\/wp-json\/wp\/v2\/comments?post=6427"}],"version-history":[{"count":4,"href":"https:\/\/lesloriots.ca\/Wordpress\/wp-json\/wp\/v2\/posts\/6427\/revisions"}],"predecessor-version":[{"id":6435,"href":"https:\/\/lesloriots.ca\/Wordpress\/wp-json\/wp\/v2\/posts\/6427\/revisions\/6435"}],"wp:attachment":[{"href":"https:\/\/lesloriots.ca\/Wordpress\/wp-json\/wp\/v2\/media?parent=6427"}],"wp:term":[{"taxonomy":"category","embeddable":true,"href":"https:\/\/lesloriots.ca\/Wordpress\/wp-json\/wp\/v2\/categories?post=6427"},{"taxonomy":"post_tag","embeddable":true,"href":"https:\/\/lesloriots.ca\/Wordpress\/wp-json\/wp\/v2\/tags?post=6427"}],"curies":[{"name":"wp","href":"https:\/\/api.w.org\/{rel}","templated":true}]}}