{"id":2429,"date":"2021-10-06T15:05:14","date_gmt":"2021-10-06T19:05:14","guid":{"rendered":"https:\/\/lesloriots.ca\/Wordpress\/?p=2429"},"modified":"2021-10-06T15:05:16","modified_gmt":"2021-10-06T19:05:16","slug":"ca-repart","status":"publish","type":"post","link":"https:\/\/lesloriots.ca\/Wordpress\/2021\/10\/06\/ca-repart\/","title":{"rendered":"\u00c7a repart!"},"content":{"rendered":"\n<p>Le mercredi 13 octobre prochain, les Loriots reprennent leurs activit\u00e9s pour la saison 2021-2022, le tout dans le respect des mesures sanitaires en vigueur.<\/p>\n\n\n\n<p>Tous ont tr\u00e8s h\u00e2te de se retrouver pour le plaisir de chanter ensemble. La directrice musicale Camille Caron sera aux commandes, accompagn\u00e9e du pianiste Louis Laprise, pour r\u00e9entra\u00eener nos voix et pr\u00e9parer le concert printanier 2022 que nous esp\u00e9rons.<\/p>\n\n\n\n<figure class=\"wp-block-image size-large\"><img loading=\"lazy\" decoding=\"async\" width=\"1024\" height=\"612\" src=\"https:\/\/lesloriots.ca\/Wordpress\/wp-content\/uploads\/2020\/01\/2019-01-30-Pratique-des-Loriots-1024x612.jpg\" alt=\"\" class=\"wp-image-2225\" srcset=\"https:\/\/lesloriots.ca\/Wordpress\/wp-content\/uploads\/2020\/01\/2019-01-30-Pratique-des-Loriots-1024x612.jpg 1024w, https:\/\/lesloriots.ca\/Wordpress\/wp-content\/uploads\/2020\/01\/2019-01-30-Pratique-des-Loriots-300x179.jpg 300w, https:\/\/lesloriots.ca\/Wordpress\/wp-content\/uploads\/2020\/01\/2019-01-30-Pratique-des-Loriots-768x459.jpg 768w\" sizes=\"auto, (max-width: 1024px) 100vw, 1024px\" \/><figcaption>Pratique hebdomadaire &#8211; Photo : Mariette Poisson, 3 f\u00e9vrier 2019<\/figcaption><\/figure>\n\n\n\n<p>Notez que cette ann\u00e9e le concert de No\u00ebl n&rsquo;aura pas lieu. Il reviendra, nous l&rsquo;esp\u00e9rons, en d\u00e9cembre 2022.<\/p>\n\n\n\n<p>Si vous d\u00e9sirez joindre les rangs de Loriots, venez nous rencontrer le mercredi 13 octobre prochain, \u00e0 compter de 19 h 15, au centre communautaire de Cap-Rouge, 4475, rue Saint-F\u00e9lix, Qu\u00e9bec.&nbsp; Pour en savoir plus sur le groupe, consultez notre page <a href=\"https:\/\/lesloriots.ca\/Wordpress\/devenir-membre\/\" target=\"_blank\" rel=\"noreferrer noopener\">Devenir membre<\/a>.<\/p>\n","protected":false},"excerpt":{"rendered":"<p>Le mercredi 13 octobre prochain, les Loriots reprennent leurs activit\u00e9s pour la saison 2021-2022, le tout dans le respect des mesures sanitaires en vigueur. Tous ont tr\u00e8s h\u00e2te de se retrouver pour le plaisir de chanter ensemble. La directrice musicale Camille Caron sera aux commandes, accompagn\u00e9e du pianiste Louis Laprise, pour r\u00e9entra\u00eener nos voix et &#8230; <a title=\"\u00c7a repart!\" class=\"read-more\" href=\"https:\/\/lesloriots.ca\/Wordpress\/2021\/10\/06\/ca-repart\/\" aria-label=\"En savoir plus sur \u00c7a repart!\">Read more<\/a><\/p>\n","protected":false},"author":3,"featured_media":0,"comment_status":"open","ping_status":"open","sticky":false,"template":"","format":"standard","meta":{"generate_page_header":"","footnotes":""},"categories":[2],"tags":[],"class_list":["post-2429","post","type-post","status-publish","format-standard","hentry","category-nouvelles"],"_links":{"self":[{"href":"https:\/\/lesloriots.ca\/Wordpress\/wp-json\/wp\/v2\/posts\/2429","targetHints":{"allow":["GET"]}}],"collection":[{"href":"https:\/\/lesloriots.ca\/Wordpress\/wp-json\/wp\/v2\/posts"}],"about":[{"href":"https:\/\/lesloriots.ca\/Wordpress\/wp-json\/wp\/v2\/types\/post"}],"author":[{"embeddable":true,"href":"https:\/\/lesloriots.ca\/Wordpress\/wp-json\/wp\/v2\/users\/3"}],"replies":[{"embeddable":true,"href":"https:\/\/lesloriots.ca\/Wordpress\/wp-json\/wp\/v2\/comments?post=2429"}],"version-history":[{"count":5,"href":"https:\/\/lesloriots.ca\/Wordpress\/wp-json\/wp\/v2\/posts\/2429\/revisions"}],"predecessor-version":[{"id":2434,"href":"https:\/\/lesloriots.ca\/Wordpress\/wp-json\/wp\/v2\/posts\/2429\/revisions\/2434"}],"wp:attachment":[{"href":"https:\/\/lesloriots.ca\/Wordpress\/wp-json\/wp\/v2\/media?parent=2429"}],"wp:term":[{"taxonomy":"category","embeddable":true,"href":"https:\/\/lesloriots.ca\/Wordpress\/wp-json\/wp\/v2\/categories?post=2429"},{"taxonomy":"post_tag","embeddable":true,"href":"https:\/\/lesloriots.ca\/Wordpress\/wp-json\/wp\/v2\/tags?post=2429"}],"curies":[{"name":"wp","href":"https:\/\/api.w.org\/{rel}","templated":true}]}}