{"id":1668,"date":"2018-08-18T11:28:24","date_gmt":"2018-08-18T15:28:24","guid":{"rendered":"http:\/\/lesloriots.ca\/Wordpress\/?p=1668"},"modified":"2019-04-30T08:32:29","modified_gmt":"2019-04-30T12:32:29","slug":"mercredi-soir-on-chante-chez-les-loriots","status":"publish","type":"post","link":"https:\/\/lesloriots.ca\/Wordpress\/2018\/08\/18\/mercredi-soir-on-chante-chez-les-loriots\/","title":{"rendered":"Mercredi soir, on chante chez les Loriots !"},"content":{"rendered":"<p><strong>La saison des Loriots de Cap-Rouge recommence !<\/strong><\/p>\n<p>Alors, vous avez le go\u00fbt de chanter, vous aimez la musique et poss\u00e9dez une voix juste? Venez rejoindre un groupe vocal dynamique, accueillant, avec un volet social bien d\u00e9velopp\u00e9. Le mercredi soir, \u00e0 Cap-Rouge, on chante.<\/p>\n<p>Le Groupe vocal Les Loriots de Cap-Rouge, c&rsquo;est un ch\u0153ur de plus de 60 choristes, femmes et hommes, qui pr\u00e9pare et produit deux concerts par ann\u00e9e : un concert de No\u00ebl, pr\u00e9sent\u00e9 cette ann\u00e9e les 8 et 9 d\u00e9cembre \u00e0 l&rsquo;\u00e9glise de Cap-Rouge, et un concert de chansons populaires au printemps, le samedi 25 mai.<\/p>\n<figure id=\"attachment_1646\" aria-describedby=\"caption-attachment-1646\" style=\"width: 1014px\" class=\"wp-caption aligncenter\"><img loading=\"lazy\" decoding=\"async\" class=\"wp-image-1646 size-large\" src=\"http:\/\/lesloriots.ca\/Wordpress\/wp-content\/uploads\/2018\/07\/2018-05-06-09.39.48-1024x576.jpg\" alt=\"\" width=\"1024\" height=\"576\" srcset=\"https:\/\/lesloriots.ca\/Wordpress\/wp-content\/uploads\/2018\/07\/2018-05-06-09.39.48-1024x576.jpg 1024w, https:\/\/lesloriots.ca\/Wordpress\/wp-content\/uploads\/2018\/07\/2018-05-06-09.39.48-300x169.jpg 300w, https:\/\/lesloriots.ca\/Wordpress\/wp-content\/uploads\/2018\/07\/2018-05-06-09.39.48-768x432.jpg 768w\" sizes=\"auto, (max-width: 1024px) 100vw, 1024px\" \/><figcaption id=\"caption-attachment-1646\" class=\"wp-caption-text\">R\u00e9p\u00e9tition intensive &#8211; Photo : Juliette Larouche, 6 mai 2018<\/figcaption><\/figure>\n<p>Pour ce faire, les r\u00e9p\u00e9titions ont lieu chaque mercredi soir au Centre communautaire de Cap-Rouge, 4473, rue Saint-F\u00e9lix, Cap-Rouge, Qu\u00e9bec, de 19 h 30 \u00e0 22 h. En d\u00e9but de saison, on commence d\u00e9j\u00e0 \u00e0 pr\u00e9parer le r\u00e9pertoire populaire mais d\u00e8s octobre, on passe au r\u00e9pertoire de No\u00ebl. Et, \u00e0 la reprise en janvier, on attaque de front le programme du concert du printemps. Aux pratiques des mercredis soirs s&rsquo;ajoutent des journ\u00e9es de r\u00e9p\u00e9tition intensive \u00e0 raison d&rsquo;un dimanche par mois et une fin de semaine en novembre. Et pour raffermir les liens entre les choristes, plusieurs activit\u00e9s de d\u00e9tente et de partage s&rsquo;ajoutent sporadiquement au calendrier.<\/p>\n<p>Connaissez-vous notre jeune et dynamique directrice musicale Camille Caron? Elle en est \u00e0 sa troisi\u00e8me ann\u00e9e avec les Loriots. M\u00eame si elle n&rsquo;est \u00e2g\u00e9e que de 25 ans, elle poss\u00e8de d\u00e9j\u00e0 une feuille de route bien remplie dans le monde de la chanson. Chanter pour elle, c&rsquo;est toujours un plaisir : elle combine le travail de culture vocale aux exercices de d\u00e9veloppement physique des choristes et d&rsquo;interpr\u00e9tation musicale. C&rsquo;est une sp\u00e9cialiste du jazz et une interpr\u00e8te inspirante. Mais, quand arrive le temps de pr\u00e9parer No\u00ebl, c&rsquo;est le chef invit\u00e9 Guillaume Boulay qui prend la baguette : lui aussi met beaucoup l&#8217;emphase sur la technique vocale. \u00c0 l&rsquo;occasion, il se permet de mettre au programme ses propres harmonisations.<\/p>\n<p>\u00c0 chaque concert, le ch\u0153ur est accompagn\u00e9 d&rsquo;un ensemble de musiciens : \u00e0 No\u00ebl, c&rsquo;est de la musique de chambre; au printemps, c&rsquo;est un \u00ab band \u00bb qui est pr\u00e9sent. Et le pianiste Louis Laprise, pr\u00e9sent \u00e0 chaque r\u00e9p\u00e9tition, signe d&rsquo;ailleurs plusieurs arrangements originaux d\u00e9di\u00e9s sp\u00e9cifiquement aux Loriots.<\/p>\n<p>Donc, tout est en place pour la saison nouvelle : avec une jeune chef, on s&rsquo;attend \u00e0 recruter aussi de jeunes choristes. Nous sommes \u00e0 la recherche surtout de sopranos et de voix d&rsquo;hommes, t\u00e9nors, barytons et basses. Les nouveaux membres se verront jumel\u00e9s \u00e0 une marraine ou un parrain qui voit \u00e0 faciliter l&rsquo;int\u00e9gration au groupe. L&rsquo;accueil des nouveaux membres se fera le mercredi 5 septembre \u00e0 compter de 19 h 15 au Centre communautaire de Cap-Rouge, 4473, rue Saint-F\u00e9lix, Cap-Rouge, Qu\u00e9bec.<\/p>\n<p>Venez vous joindre aux Loriots. Appelez le 418 654-1039 ou le 418 563-3127, ou bien consultez notre page <a href=\"http:\/\/lesloriots.ca\/Wordpress\/devenir-membre\/\" target=\"_blank\" rel=\"noopener\">Devenir membre<\/a>.<\/p>\n","protected":false},"excerpt":{"rendered":"<p>La saison des Loriots de Cap-Rouge recommence ! Alors, vous avez le go\u00fbt de chanter, vous aimez la musique et poss\u00e9dez une voix juste? Venez rejoindre un groupe vocal dynamique, accueillant, avec un volet social bien d\u00e9velopp\u00e9. Le mercredi soir, \u00e0 Cap-Rouge, on chante. Le Groupe vocal Les Loriots de Cap-Rouge, c&rsquo;est un ch\u0153ur de &#8230; <a title=\"Mercredi soir, on chante chez les Loriots !\" class=\"read-more\" href=\"https:\/\/lesloriots.ca\/Wordpress\/2018\/08\/18\/mercredi-soir-on-chante-chez-les-loriots\/\" aria-label=\"En savoir plus sur Mercredi soir, on chante chez les Loriots !\">Read more<\/a><\/p>\n","protected":false},"author":3,"featured_media":0,"comment_status":"open","ping_status":"open","sticky":false,"template":"","format":"standard","meta":{"generate_page_header":"","footnotes":""},"categories":[2],"tags":[],"class_list":["post-1668","post","type-post","status-publish","format-standard","hentry","category-nouvelles"],"_links":{"self":[{"href":"https:\/\/lesloriots.ca\/Wordpress\/wp-json\/wp\/v2\/posts\/1668","targetHints":{"allow":["GET"]}}],"collection":[{"href":"https:\/\/lesloriots.ca\/Wordpress\/wp-json\/wp\/v2\/posts"}],"about":[{"href":"https:\/\/lesloriots.ca\/Wordpress\/wp-json\/wp\/v2\/types\/post"}],"author":[{"embeddable":true,"href":"https:\/\/lesloriots.ca\/Wordpress\/wp-json\/wp\/v2\/users\/3"}],"replies":[{"embeddable":true,"href":"https:\/\/lesloriots.ca\/Wordpress\/wp-json\/wp\/v2\/comments?post=1668"}],"version-history":[{"count":13,"href":"https:\/\/lesloriots.ca\/Wordpress\/wp-json\/wp\/v2\/posts\/1668\/revisions"}],"predecessor-version":[{"id":5757,"href":"https:\/\/lesloriots.ca\/Wordpress\/wp-json\/wp\/v2\/posts\/1668\/revisions\/5757"}],"wp:attachment":[{"href":"https:\/\/lesloriots.ca\/Wordpress\/wp-json\/wp\/v2\/media?parent=1668"}],"wp:term":[{"taxonomy":"category","embeddable":true,"href":"https:\/\/lesloriots.ca\/Wordpress\/wp-json\/wp\/v2\/categories?post=1668"},{"taxonomy":"post_tag","embeddable":true,"href":"https:\/\/lesloriots.ca\/Wordpress\/wp-json\/wp\/v2\/tags?post=1668"}],"curies":[{"name":"wp","href":"https:\/\/api.w.org\/{rel}","templated":true}]}}