{"id":1597,"date":"2018-05-30T11:41:20","date_gmt":"2018-05-30T15:41:20","guid":{"rendered":"http:\/\/lesloriots.ca\/Wordpress\/?p=1597"},"modified":"2019-04-30T08:33:13","modified_gmt":"2019-04-30T12:33:13","slug":"une-reussite-sur-toute-la-ligne","status":"publish","type":"post","link":"https:\/\/lesloriots.ca\/Wordpress\/2018\/05\/30\/une-reussite-sur-toute-la-ligne\/","title":{"rendered":"Une r\u00e9ussite sur toute la ligne"},"content":{"rendered":"<p>Une autre ann\u00e9e de chant choral vient tout juste de prendre fin avec la pr\u00e9sentation du concert printanier des Loriots intitul\u00e9 \u00ab J\u2019entends chanter! \u00bb<\/p>\n<p><img loading=\"lazy\" decoding=\"async\" class=\"alignnone wp-image-1618\" src=\"http:\/\/lesloriots.ca\/Wordpress\/wp-content\/uploads\/2018\/06\/B0004-Groupe-2e-partie-54_DSC8944-300x136.jpg\" alt=\"\" width=\"900\" height=\"409\" srcset=\"https:\/\/lesloriots.ca\/Wordpress\/wp-content\/uploads\/2018\/06\/B0004-Groupe-2e-partie-54_DSC8944-300x136.jpg 300w, https:\/\/lesloriots.ca\/Wordpress\/wp-content\/uploads\/2018\/06\/B0004-Groupe-2e-partie-54_DSC8944-768x349.jpg 768w, https:\/\/lesloriots.ca\/Wordpress\/wp-content\/uploads\/2018\/06\/B0004-Groupe-2e-partie-54_DSC8944-1024x465.jpg 1024w\" sizes=\"auto, (max-width: 900px) 100vw, 900px\" \/><\/p>\n<p>En effet, c\u2019est \u00e0 l\u2019auditorium du CNDF que le groupe vocal a livr\u00e9 une performance digne de ce nom devant un public combl\u00e9 dans une salle comble. Pour en arriver \u00e0 un tel aboutissement, le travail acharn\u00e9 \u00e9tait \u00e0 l\u2019ordre du jour des r\u00e9p\u00e9titions depuis le mois de janvier parce qu\u2019il faut besogner fort pour nous approprier les chants. Cependant, nous devons travailler avec autant d\u2019ardeur dans le but d\u2019apprendre les gestes et les chor\u00e9graphies apportant une couleur si particuli\u00e8re aux pi\u00e8ces interpr\u00e9t\u00e9es.<\/p>\n<p>Pour poursuivre, cet \u00e9v\u00e9nement de fin de saison que certains ont qualifi\u00e9 de \u00abHappening \u00bb a pris un envol fulgurant d\u00e8s que les musiciens ont lanc\u00e9 les premi\u00e8res notes et que les choristes ont entonn\u00e9 la chanson initiale. En r\u00e9alit\u00e9, les spectateurs ont imm\u00e9diatement embarqu\u00e9 et nous ont insuffl\u00e9 une \u00e9nergie incroyable. C\u2019\u00e9tait magique!<\/p>\n<p>Ensuite, un concert aussi magnifique que m\u00e9morable prend forme et se concr\u00e9tise gr\u00e2ce \u00e0 la contribution de plusieurs personnes dont notre chef de ch\u0153ur, notre pianiste accompagnateur ainsi que les musiciens embauch\u00e9s pour l\u2019occasion. Sans oublier les gens travaillant dans l\u2019ombre, soit dans les coulisses ou \u00e0 la billetterie. Bref, nos remerciements les plus sinc\u00e8res \u00e0 tous ceux et celles ayant contribu\u00e9 au succ\u00e8s de ce r\u00e9cital.<\/p>\n<p>Pour finir, notre croisi\u00e8re musicale accoste pour la p\u00e9riode estivale. Les Loriots de Cap-Rouge reprendront leurs activit\u00e9s le 5 septembre et, fid\u00e8les \u00e0 leur devise, ils le feront pour le plaisir de chanter ensemble. Bon \u00e9t\u00e9 \u00e0 tous!<\/p>\n","protected":false},"excerpt":{"rendered":"<p>Une autre ann\u00e9e de chant choral vient tout juste de prendre fin avec la pr\u00e9sentation du concert printanier des Loriots intitul\u00e9 \u00ab J\u2019entends chanter! \u00bb En effet, c\u2019est \u00e0 l\u2019auditorium du CNDF que le groupe vocal a livr\u00e9 une performance digne de ce nom devant un public combl\u00e9 dans une salle comble. Pour en arriver &#8230; <a title=\"Une r\u00e9ussite sur toute la ligne\" class=\"read-more\" href=\"https:\/\/lesloriots.ca\/Wordpress\/2018\/05\/30\/une-reussite-sur-toute-la-ligne\/\" aria-label=\"En savoir plus sur Une r\u00e9ussite sur toute la ligne\">Read more<\/a><\/p>\n","protected":false},"author":3,"featured_media":0,"comment_status":"open","ping_status":"open","sticky":false,"template":"","format":"standard","meta":{"generate_page_header":"","footnotes":""},"categories":[2],"tags":[],"class_list":["post-1597","post","type-post","status-publish","format-standard","hentry","category-nouvelles"],"_links":{"self":[{"href":"https:\/\/lesloriots.ca\/Wordpress\/wp-json\/wp\/v2\/posts\/1597","targetHints":{"allow":["GET"]}}],"collection":[{"href":"https:\/\/lesloriots.ca\/Wordpress\/wp-json\/wp\/v2\/posts"}],"about":[{"href":"https:\/\/lesloriots.ca\/Wordpress\/wp-json\/wp\/v2\/types\/post"}],"author":[{"embeddable":true,"href":"https:\/\/lesloriots.ca\/Wordpress\/wp-json\/wp\/v2\/users\/3"}],"replies":[{"embeddable":true,"href":"https:\/\/lesloriots.ca\/Wordpress\/wp-json\/wp\/v2\/comments?post=1597"}],"version-history":[{"count":10,"href":"https:\/\/lesloriots.ca\/Wordpress\/wp-json\/wp\/v2\/posts\/1597\/revisions"}],"predecessor-version":[{"id":1897,"href":"https:\/\/lesloriots.ca\/Wordpress\/wp-json\/wp\/v2\/posts\/1597\/revisions\/1897"}],"wp:attachment":[{"href":"https:\/\/lesloriots.ca\/Wordpress\/wp-json\/wp\/v2\/media?parent=1597"}],"wp:term":[{"taxonomy":"category","embeddable":true,"href":"https:\/\/lesloriots.ca\/Wordpress\/wp-json\/wp\/v2\/categories?post=1597"},{"taxonomy":"post_tag","embeddable":true,"href":"https:\/\/lesloriots.ca\/Wordpress\/wp-json\/wp\/v2\/tags?post=1597"}],"curies":[{"name":"wp","href":"https:\/\/api.w.org\/{rel}","templated":true}]}}