{"id":1475,"date":"2018-03-26T19:15:55","date_gmt":"2018-03-26T23:15:55","guid":{"rendered":"http:\/\/lesloriots.ca\/Wordpress\/?p=1475"},"modified":"2019-04-30T08:33:41","modified_gmt":"2019-04-30T12:33:41","slug":"jentends-chanter","status":"publish","type":"post","link":"https:\/\/lesloriots.ca\/Wordpress\/2018\/03\/26\/jentends-chanter\/","title":{"rendered":"J\u2019entends chanter!"},"content":{"rendered":"<p><a href=\"http:\/\/lesloriots.ca\/Wordpress\/wp-content\/uploads\/2018\/03\/affiche-12x18_Concert-printemps-2018_v2-7po.jpg\" target=\"_blank\" rel=\"noopener\"><img loading=\"lazy\" decoding=\"async\" class=\"alignright wp-image-1473\" src=\"http:\/\/lesloriots.ca\/Wordpress\/wp-content\/uploads\/2018\/03\/affiche-12x18_Concert-printemps-2018_v2-7po-200x300.jpg\" alt=\"\" width=\"302\" height=\"454\" srcset=\"https:\/\/lesloriots.ca\/Wordpress\/wp-content\/uploads\/2018\/03\/affiche-12x18_Concert-printemps-2018_v2-7po-200x300.jpg 200w, https:\/\/lesloriots.ca\/Wordpress\/wp-content\/uploads\/2018\/03\/affiche-12x18_Concert-printemps-2018_v2-7po-768x1152.jpg 768w, https:\/\/lesloriots.ca\/Wordpress\/wp-content\/uploads\/2018\/03\/affiche-12x18_Concert-printemps-2018_v2-7po-683x1024.jpg 683w, https:\/\/lesloriots.ca\/Wordpress\/wp-content\/uploads\/2018\/03\/affiche-12x18_Concert-printemps-2018_v2-7po.jpg 1400w\" sizes=\"auto, (max-width: 302px) 100vw, 302px\" \/><\/a>L\u2019arriv\u00e9e du printemps co\u00efncide avec la pr\u00e9sentation d\u2019une manifestation que certains pourraient qualifier de majeure. Un \u00ab\u00a0Happening\u00a0\u00bb, en quelque sorte. Eh bien, consid\u00e9rons ce mot emprunt\u00e9 \u00e0 la langue de Shakespeare selon l\u2019angle d\u2019une repr\u00e9sentation artistique haute en couleur.<\/p>\n<p>D\u2019abord, l\u2019\u00e9v\u00e9nement dont il est question indique la fin d\u2019une autre ann\u00e9e marqu\u00e9e du sceau du plaisir de chanter ensemble. Plusieurs auront s\u00fbrement devin\u00e9 qu\u2019il s\u2019agit du r\u00e9cital de fin de saison des Loriots de Cap-Rouge \u00e0 la fin du mois de Marie, soit le samedi 26 mai \u00e0 20 heures au campus Notre-Dame-de-Foy situ\u00e9 \u00e0 Saint-Augustin-de-Desmaures.<\/p>\n<p>Ensuite, le th\u00e8me choisi pour ce concert, <em>J\u2019entends chanter!<\/em>, mettra en sc\u00e8ne des choristes \u00e9nergiques. Ceux-ci, fid\u00e8les \u00e0 leur habitude, vous pr\u00e9senteront un programme o\u00f9 chants et musique vous transporteront car, d\u00e8s les premi\u00e8res notes, vous taperez des mains et fredonnerez avec nous ces airs francophones et anglophones issus du r\u00e9pertoire contemporain.<\/p>\n<p>Par ailleurs, un tel spectacle n\u00e9cessite l\u2019intervention de professionnels qui connaissent la musique, au propre comme au figur\u00e9. Donc, nous serons dirig\u00e9s pour une deuxi\u00e8me ann\u00e9e cons\u00e9cutive par madame Camille Caron. Les musiciens, quant \u00e0 eux, auront \u00e0 leur t\u00eate notre pianiste accompagnateur, monsieur Louis Laprise.<\/p>\n<p>Alors, amis des Loriots et amateurs de chant choral, si vous souhaitez passer un agr\u00e9able moment, joignez-vous \u00e0 nous. Il ne fait aucun doute que vous vivrez une exp\u00e9rience m\u00e9morable et, parmi les termes que vous utiliserez pour parler de votre soir\u00e9e, le mot \u00ab\u00a0regret\u00a0\u00bb en sera exclu.<\/p>\n<p>Billets : 25$<br \/>\nPr\u00e9vente : 22$ aupr\u00e8s des choristes,\u00a0ou en\u00a0consultant notre page <a href=\"http:\/\/lesloriots.ca\/Wordpress\/contact\/\">Contact<\/a>.<\/p>\n<p>&#8212;&#8212;&#8212;&#8212;&#8212;&#8212;&#8212;&#8212;&#8212;&#8212;&#8212;&#8212;-<\/p>\n","protected":false},"excerpt":{"rendered":"<p>L\u2019arriv\u00e9e du printemps co\u00efncide avec la pr\u00e9sentation d\u2019une manifestation que certains pourraient qualifier de majeure. Un \u00ab\u00a0Happening\u00a0\u00bb, en quelque sorte. Eh bien, consid\u00e9rons ce mot emprunt\u00e9 \u00e0 la langue de Shakespeare selon l\u2019angle d\u2019une repr\u00e9sentation artistique haute en couleur. D\u2019abord, l\u2019\u00e9v\u00e9nement dont il est question indique la fin d\u2019une autre ann\u00e9e marqu\u00e9e du sceau du &#8230; <a title=\"J\u2019entends chanter!\" class=\"read-more\" href=\"https:\/\/lesloriots.ca\/Wordpress\/2018\/03\/26\/jentends-chanter\/\" aria-label=\"En savoir plus sur J\u2019entends chanter!\">Read more<\/a><\/p>\n","protected":false},"author":3,"featured_media":0,"comment_status":"open","ping_status":"open","sticky":false,"template":"","format":"standard","meta":{"generate_page_header":"","footnotes":""},"categories":[2],"tags":[],"class_list":["post-1475","post","type-post","status-publish","format-standard","hentry","category-nouvelles"],"_links":{"self":[{"href":"https:\/\/lesloriots.ca\/Wordpress\/wp-json\/wp\/v2\/posts\/1475","targetHints":{"allow":["GET"]}}],"collection":[{"href":"https:\/\/lesloriots.ca\/Wordpress\/wp-json\/wp\/v2\/posts"}],"about":[{"href":"https:\/\/lesloriots.ca\/Wordpress\/wp-json\/wp\/v2\/types\/post"}],"author":[{"embeddable":true,"href":"https:\/\/lesloriots.ca\/Wordpress\/wp-json\/wp\/v2\/users\/3"}],"replies":[{"embeddable":true,"href":"https:\/\/lesloriots.ca\/Wordpress\/wp-json\/wp\/v2\/comments?post=1475"}],"version-history":[{"count":10,"href":"https:\/\/lesloriots.ca\/Wordpress\/wp-json\/wp\/v2\/posts\/1475\/revisions"}],"predecessor-version":[{"id":1898,"href":"https:\/\/lesloriots.ca\/Wordpress\/wp-json\/wp\/v2\/posts\/1475\/revisions\/1898"}],"wp:attachment":[{"href":"https:\/\/lesloriots.ca\/Wordpress\/wp-json\/wp\/v2\/media?parent=1475"}],"wp:term":[{"taxonomy":"category","embeddable":true,"href":"https:\/\/lesloriots.ca\/Wordpress\/wp-json\/wp\/v2\/categories?post=1475"},{"taxonomy":"post_tag","embeddable":true,"href":"https:\/\/lesloriots.ca\/Wordpress\/wp-json\/wp\/v2\/tags?post=1475"}],"curies":[{"name":"wp","href":"https:\/\/api.w.org\/{rel}","templated":true}]}}